[{"@context":"https:\/\/schema.org\/","@type":"Article","@id":"https:\/\/www.kopik.cz\/volna-zed-u-prarodicu-doma\/#Article","mainEntityOfPage":"https:\/\/www.kopik.cz\/volna-zed-u-prarodicu-doma\/","headline":"Voln\u00e1 ze\u010f u prarodi\u010d\u016f doma","name":"Voln\u00e1 ze\u010f u prarodi\u010d\u016f doma","description":"Babi\u010dky i d\u011bde\u010dkov\u00e9 jsou r\u016fzn\u00ed, ostatn\u011b na tom, \u017ee m\u00e1 \u010dlov\u011bk p\u00e1r des\u00edtek let nav\u00edc, nen\u00ed nic zvl\u00e1\u0161tn\u00edho \u2013 po\u0159\u00e1d je to dostate\u010dn\u011b r\u016fznorod\u00e1 skupina lid\u00ed, kte\u0159\u00ed maj\u00ed odli\u0161n\u00e9 z\u00e1jmy, kon\u00ed\u010dky, z\u00e1liby, n\u00e1pl\u0148 voln\u00e9ho \u010dasu nebo i pr\u00e1ce. Ostatn\u011b ka\u017ed\u00fd \u010dlov\u011bk je jin\u00fd a stejn\u011b tak se to projev\u00ed i ve vy\u0161\u0161\u00edm v\u011bku. N\u011bkdo si [&hellip;]","datePublished":"2019-12-02","dateModified":"2023-12-11","author":{"@type":"Person","@id":"https:\/\/www.kopik.cz\/author\/#Person","name":"kopik.cz\n","url":"https:\/\/www.kopik.cz\/author\/","identifier":1,"image":{"@type":"ImageObject","@id":"https:\/\/secure.gravatar.com\/avatar\/01173f1da90dde8adb887d6793fa4e42c4004e53f8d645d9b1cb57c2dee8e188?s=96&d=mm&r=g","url":"https:\/\/secure.gravatar.com\/avatar\/01173f1da90dde8adb887d6793fa4e42c4004e53f8d645d9b1cb57c2dee8e188?s=96&d=mm&r=g","height":96,"width":96}},"publisher":{"@type":"Organization","name":"kopik.cz","logo":{"@type":"ImageObject","@id":"\/logo.png","url":"\/logo.png","width":600,"height":60}},"image":{"@type":"ImageObject","@id":"https:\/\/www.kopik.cz\/wp-content\/uploads\/img_a369175_w1737_t1581406005.jpg","url":"https:\/\/www.kopik.cz\/wp-content\/uploads\/img_a369175_w1737_t1581406005.jpg","height":0,"width":0},"url":"https:\/\/www.kopik.cz\/volna-zed-u-prarodicu-doma\/","about":["Business"],"wordCount":443,"articleBody":"       Babi\u010dky i d\u011bde\u010dkov\u00e9 jsou r\u016fzn\u00ed, ostatn\u011b na tom, \u017ee m\u00e1 \u010dlov\u011bk p\u00e1r des\u00edtek let nav\u00edc, nen\u00ed nic zvl\u00e1\u0161tn\u00edho \u2013 po\u0159\u00e1d je to dostate\u010dn\u011b r\u016fznorod\u00e1 skupina lid\u00ed, kte\u0159\u00ed maj\u00ed odli\u0161n\u00e9 z\u00e1jmy, kon\u00ed\u010dky, z\u00e1liby, n\u00e1pl\u0148 voln\u00e9ho \u010dasu nebo i pr\u00e1ce. Ostatn\u011b ka\u017ed\u00fd \u010dlov\u011bk je jin\u00fd a stejn\u011b tak se to projev\u00ed i ve vy\u0161\u0161\u00edm v\u011bku. N\u011bkdo si r\u00e1d posed\u00ed doma s kn\u00ed\u017ekou, zat\u00edmco jin\u00fd mus\u00ed ne\u00fanavn\u011b doh\u00e1n\u011bt to, co tolik let zanedb\u00e1val. Av\u0161ak poj\u00ed je hned n\u011bkolik v\u011bc\u00ed a jednou z t\u011bchto v\u011bc\u00ed je tak\u00e9 naprost\u00e1 nutnost vlastnit fotky nebo zalamovan\u00e9 fotografie sv\u00fdch bl\u00edzk\u00fdch a rodiny, hlavn\u011b pak vnou\u010dat, \u017ee ano, proto\u017ee ty jsou jako druh\u00e9 d\u011bti. P\u0159esn\u011b proto je d\u016fle\u017eit\u00e9, aby na to dcery a synov\u00e9 mysleli a aby se n\u00e1le\u017eit\u011b za\u0159\u00eddili. Kdykoliv uvid\u00edte u d\u011bde\u010dka nebo babi\u010dky volnou ze\u010f a na n\u00ed osamocen\u00fd h\u0159eb\u00edk \u010di n\u011bjak\u00e9 osamocen\u00e9 m\u00edsto v prosklen\u00e9 sk\u0159\u00edni nebo na \u0161upl\u00edku, hned v\u00edte, co byste m\u011bli d\u00e1t prarodi\u010di na dal\u0161\u00ed narozeniny \u010di V\u00e1noce. Ka\u017ed\u00e9ho pot\u011b\u0161\u00ed, kdy\u017e si na n\u011bj jeho bl\u00edzc\u00ed vzpomenou a cht\u011bj\u00ed, aby byli neust\u00e1le nabl\u00edzku \u2013 fotografie jsou neskute\u010dn\u00e9 v tom, \u017ee dok\u00e1\u017e\u00ed zachytit v\u0161echno to dobr\u00e9, co h\u0159eje u srdce, a prezentovat to na jednom tenk\u00e9m pap\u00edrku, na kter\u00fd se pak lid\u00e9 mohou donekone\u010dna d\u00edvat. Je d\u016fle\u017eit\u00e9 si neust\u00e1le p\u0159ipom\u00ednat, \u017ee a\u0165 se stane cokoliv, nikdy nejsme sami a je tu v\u017edycky rodina, kter\u00e1 n\u00e1s podr\u017e\u00ed v dobr\u00e9m i ve zl\u00e9m. A nez\u00e1le\u017e\u00ed na tom, jak daleko \u010di jak bl\u00edzko jsou u sebe. A p\u0159esn\u011b s t\u00edm m\u016f\u017ee fotograf Zl\u00edn Kate\u0159ina Svobodov\u00e1 pomoci, proto\u017ee nab\u00edz\u00ed profesion\u00e1ln\u00ed slu\u017eby pro rodiny. P\u0159edev\u0161\u00edm pracuje tak\u00e9 s d\u011btmi, kter\u00e9 jsou n\u011bkdy t\u011b\u017ece zvladateln\u00e9, pokud to nejsou mal\u00e9 princezny, hlavn\u011b co se t\u00fd\u010de dlouh\u00fdch hodin (\u010di sp\u00ed\u0161e minut) p\u0159ed kamerou. Nato\u017e pak \u00fapln\u011b mal\u00e9 d\u011bti, se kter\u00fdmi je to opravdov\u00e9 um\u011bn\u00ed. Pokud tedy chcete sv\u00fdm bl\u00edzk\u00fdm ud\u011blat radost, nen\u00ed nic lep\u0161\u00edho, ne\u017e va\u0161e spole\u010dn\u00e1 fotka \u010di fotka va\u0161ich kr\u00e1sn\u00fdch potomk\u016f s p\u011bkn\u00fdm p\u0159\u00e1n\u00edm, kter\u00e9 jste napsali rukou.                                                                                                                                                                                                                                                                                                                                                                                          4\/5 - (3 votes)        "},{"@context":"https:\/\/schema.org\/","@type":"BreadcrumbList","itemListElement":[{"@type":"ListItem","position":1,"name":"Voln\u00e1 ze\u010f u prarodi\u010d\u016f doma","item":"https:\/\/www.kopik.cz\/volna-zed-u-prarodicu-doma\/#breadcrumbitem"}]}]