[{"@context":"https:\/\/schema.org\/","@type":"Article","@id":"https:\/\/www.kopik.cz\/tridit-odpad-je-dulezite\/#Article","mainEntityOfPage":"https:\/\/www.kopik.cz\/tridit-odpad-je-dulezite\/","headline":"T\u0159\u00eddit odpad je d\u016fle\u017eit\u00e9","name":"T\u0159\u00eddit odpad je d\u016fle\u017eit\u00e9","description":"Ono se po\u0159\u00e1d v\u0161ude \u0159\u00edk\u00e1, jak je d\u016fle\u017eit\u00e9 t\u0159\u00eddit odpad a m\u00e1te pocit, \u017ee u\u017e je to snad i d\u016fle\u017eit\u011bj\u0161\u00ed povinnost\u00ed \u010dlov\u011bka ne\u017e starat se \u0159\u00e1dn\u011b o sv\u00e9 d\u011bti a darovat krev \u010di tak n\u011bco, proto\u017ee v\u00a0m\u00e9di\u00edch u\u017e se o t\u0159\u00edd\u011bn\u00ed odpadu mluv\u00ed natolik, \u017ee u\u017e to snad ani v\u00edce nejde. A p\u0159esto maj\u00ed st\u00e1le [&hellip;]","datePublished":"2024-11-05","dateModified":"2024-11-05","author":{"@type":"Person","@id":"https:\/\/www.kopik.cz\/author\/#Person","name":"kopik.cz\n","url":"https:\/\/www.kopik.cz\/author\/","identifier":1,"image":{"@type":"ImageObject","@id":"https:\/\/secure.gravatar.com\/avatar\/01173f1da90dde8adb887d6793fa4e42c4004e53f8d645d9b1cb57c2dee8e188?s=96&d=mm&r=g","url":"https:\/\/secure.gravatar.com\/avatar\/01173f1da90dde8adb887d6793fa4e42c4004e53f8d645d9b1cb57c2dee8e188?s=96&d=mm&r=g","height":96,"width":96}},"publisher":{"@type":"Organization","name":"kopik.cz","logo":{"@type":"ImageObject","@id":"\/logo.png","url":"\/logo.png","width":600,"height":60}},"url":"https:\/\/www.kopik.cz\/tridit-odpad-je-dulezite\/","wordCount":281,"articleBody":"\tOno se po\u0159\u00e1d v\u0161ude \u0159\u00edk\u00e1, jak je d\u016fle\u017eit\u00e9 t\u0159\u00eddit odpad a m\u00e1te pocit, \u017ee u\u017e je to snad i d\u016fle\u017eit\u011bj\u0161\u00ed povinnost\u00ed \u010dlov\u011bka ne\u017e starat se \u0159\u00e1dn\u011b o sv\u00e9 d\u011bti a darovat krev \u010di tak n\u011bco, proto\u017ee v\u00a0m\u00e9di\u00edch u\u017e se o t\u0159\u00edd\u011bn\u00ed odpadu mluv\u00ed natolik, \u017ee u\u017e to snad ani v\u00edce nejde. A p\u0159esto maj\u00ed st\u00e1le v\u0161ichni pocit, \u017ee se toho doposud namluvilo m\u00e1lo, a \u017ee je pot\u0159eba s\u00a0osv\u011btou a s v\u00fdchovou ob\u010dan\u016f d\u00e1le intenzivn\u011b pokra\u010dovat, nebo\u0165 jich st\u00e1le t\u0159\u00edd\u00ed odpady tak asi jen dv\u011b t\u0159etiny a ta zbyl\u00e1 t\u0159etina se tv\u00e1\u0159\u00ed, \u017ee se j\u00ed to net\u00fdk\u00e1.\tAle vy na to nem\u00e1te m\u00edstoNo a p\u0159iznejme si na rovinu, \u017ee zrovna vy toho tak\u00e9 moc nevyt\u0159\u00edd\u00edte. Pokud pominete ty PET l\u00e1hve a star\u00e9 noviny, tak vlastn\u011b nerecyklujete nic. Jen\u017ee to nen\u00ed o tom, \u017ee byste m\u011bla n\u011bco proti t\u0159\u00edd\u011bn\u00ed odpadu jako takov\u00e9mu, ale o tom, \u017ee m\u00e1te doma m\u00e1lo m\u00edsta na to, abyste je\u0161t\u011b skladovala hromady sb\u011bru, kter\u00e9 byste pak m\u011bla odn\u00e1\u0161et do vzd\u00e1len\u00e9ho barevn\u00e9ho kontejneru. Ov\u0161em kdyby to bylo tak, \u017ee by va\u0161e obec vyu\u017eila dotace na sb\u011brn\u00e9 &#8211; dvory, a z\u0159\u00eddila d\u00edky nim mnohem v\u00edce kontejnerov\u00fdch st\u00e1n\u00ed a t\u0159eba i pytlov\u00fd svoz odpadu z\u00a0dom\u00e1cnost\u00ed, tak to u\u017e by byla jin\u00e1 a vy byste se zapojila mnohem aktivn\u011bji ne\u017e doposud.                                                                                                                                                                                                                                                                                                                                                                                        3.5\/5 - (4 votes)        "},{"@context":"https:\/\/schema.org\/","@type":"BreadcrumbList","itemListElement":[{"@type":"ListItem","position":1,"name":"T\u0159\u00eddit odpad je d\u016fle\u017eit\u00e9","item":"https:\/\/www.kopik.cz\/tridit-odpad-je-dulezite\/#breadcrumbitem"}]}]