[{"@context":"https:\/\/schema.org\/","@type":"Article","@id":"https:\/\/www.kopik.cz\/prvni-zoubky-jsou-jako-perlicky\/#Article","mainEntityOfPage":"https:\/\/www.kopik.cz\/prvni-zoubky-jsou-jako-perlicky\/","headline":"Prvn\u00ed zoubky jsou jako perli\u010dky","name":"Prvn\u00ed zoubky jsou jako perli\u010dky","description":"Kdy\u017e se za\u010dnou klubat prvn\u00ed zoubky, tak to je radosti snad v cel\u00e9m p\u0159\u00edbuzenstvu. Mal\u00e9 b\u00edl\u00e9 perli\u010dky vypadaj\u00ed skute\u010dn\u011b velmi roztomile a nikdo netu\u0161\u00ed, zdali pr\u00e1v\u011b tyto nebudou pak ohniskem velk\u00fdch bolest\u00ed a probl\u00e9m\u016f. Prvn\u00ed n\u00e1v\u0161t\u011bva zuba\u0159e by m\u011bla b\u00fdt nejpozd\u011bji ve dvou letech a pot\u00e9 ka\u017ed\u00fd rok. \u010c\u00edm d\u0159\u00edve si d\u00edt\u011b zvykne na zuba\u0159e, [&hellip;]","datePublished":"2019-04-15","dateModified":"2023-04-27","author":{"@type":"Person","@id":"https:\/\/www.kopik.cz\/author\/#Person","name":"kopik.cz\n","url":"https:\/\/www.kopik.cz\/author\/","identifier":1,"image":{"@type":"ImageObject","@id":"https:\/\/secure.gravatar.com\/avatar\/01173f1da90dde8adb887d6793fa4e42c4004e53f8d645d9b1cb57c2dee8e188?s=96&d=mm&r=g","url":"https:\/\/secure.gravatar.com\/avatar\/01173f1da90dde8adb887d6793fa4e42c4004e53f8d645d9b1cb57c2dee8e188?s=96&d=mm&r=g","height":96,"width":96}},"publisher":{"@type":"Organization","name":"kopik.cz","logo":{"@type":"ImageObject","@id":"\/logo.png","url":"\/logo.png","width":600,"height":60}},"image":{"@type":"ImageObject","@id":"https:\/\/www.kopik.cz\/wp-content\/uploads\/img_a344223_w1737_t1557815022.jpg","url":"https:\/\/www.kopik.cz\/wp-content\/uploads\/img_a344223_w1737_t1557815022.jpg","height":0,"width":0},"url":"https:\/\/www.kopik.cz\/prvni-zoubky-jsou-jako-perlicky\/","about":["Business"],"wordCount":451,"articleBody":"         Kdy\u017e se za\u010dnou klubat prvn\u00ed zoubky, tak to je radosti snad v cel\u00e9m p\u0159\u00edbuzenstvu. Mal\u00e9 b\u00edl\u00e9 perli\u010dky vypadaj\u00ed skute\u010dn\u011b velmi roztomile a nikdo netu\u0161\u00ed, zdali pr\u00e1v\u011b tyto nebudou pak ohniskem velk\u00fdch bolest\u00ed a probl\u00e9m\u016f. Prvn\u00ed n\u00e1v\u0161t\u011bva zuba\u0159e by m\u011bla b\u00fdt nejpozd\u011bji ve dvou letech a pot\u00e9 ka\u017ed\u00fd rok. \u010c\u00edm d\u0159\u00edve si d\u00edt\u011b zvykne na zuba\u0159e, pak nem\u00e1 v dosp\u011blosti probl\u00e9my s jeho n\u00e1v\u0161t\u011bvou. Zubn\u00ed ordinace Liberec jsou p\u0159ipraveny p\u0159ijmout i d\u011btsk\u00e9 pacienty a v\u011bnovat jim dostate\u010dnou l\u00e9ka\u0159skou p\u00e9\u010di. Je pravdou, \u017ee posledn\u00ed dobou se zuba\u0159i setk\u00e1vaj\u00ed s podstatn\u00fdm probl\u00e9mem ji\u017e u pom\u011brn\u011b mlad\u00e9 generace. Zoubky za\u010dnou bolet, jsou \u017elutohn\u011bd\u011b zbarven\u00e9 a por\u00e9zn\u00ed. Kr\u00e1sn\u00e9 b\u00edl\u00e9 perli\u010dky se za\u010d\u00ednaj\u00ed m\u011bnit v hrub\u00e9, skvrnit\u00e9 a nevzhledn\u00e9 \u00fatvary. Rodi\u010de by m\u011bli zpozorn\u011bt a ne se p\u0159ikl\u00e1n\u011bt k tomu, \u017ee se jedn\u00e1 o prvn\u00ed zoubky, kter\u00e9 stejn\u011b brzy vypadnou. Porucha skloviny Bohu\u017eel se jedn\u00e1 o takzvan\u00e9 k\u0159\u00eddov\u00e9 zuby a objevit se klidn\u011b mohou i u dvan\u00e1ctilet\u00fdch pacient\u016f. Prov\u00e1zeny jsou bolestmi, ale i problematick\u00fdm d\u00fdch\u00e1n\u00edm \u00fasty. Pokud je posti\u017een\u00ed skute\u010dn\u011b velik\u00e9, tak zuby velmi dob\u0159e reaguj\u00ed  https:\/\/benesovsky.denik.cz\/nehody\/ctenar-popsal-jak-lide-reaguji-na-sirenu-a-majak-20171214.html na chlad a teplo, nato\u017e na \u010di\u0161t\u011bn\u00ed zub\u016f, kter\u00e9 je p\u0159\u00edmo bolestiv\u00fdm z\u00e1krokem. Co stoj\u00ed za t\u00edmto probl\u00e9mem, se je\u0161t\u011b zcela z\u0159eteln\u011b nev\u00ed a v \u00favahu se p\u0159ipou\u0161t\u00ed jen n\u011bjak\u00e9 varianty. Velk\u00e9 u\u017e\u00edv\u00e1n\u00ed antibiotik, kter\u00e9 se dnes p\u0159edepisuj\u00ed snad \u00fapln\u011b na v\u0161e. Mo\u017en\u00e1 zm\u011bk\u010dovadla um\u011bl\u00fdch hmot, kter\u00e1 se do t\u011bla dost\u00e1vaj\u00ed spole\u010dn\u011b s potravou. Ono nen\u00ed divu, v\u017edy\u0165 ve v\u011bt\u0161in\u011b p\u0159\u00edpad\u016f se ji\u017e potraviny b\u011b\u017en\u011b bal\u00ed do plastov\u00fdch obal\u016f, v\u010detn\u011b vody. Ov\u0161em i nedostate\u010dn\u00e1 a zanedban\u00e1 p\u00e9\u010de o zuby m\u016f\u017ee st\u00e1t jako dal\u0161\u00ed vin\u00edk p\u0159ed lavic\u00ed ob\u017ealovan\u00fdch. A\u010dkoliv by sp\u00ed\u0161 mohla b\u00fdt v kombinaci je\u0161t\u011b s n\u011bjakou jinou p\u0159\u00ed\u010dinou. Nedostate\u010dn\u00e1 v\u00fd\u017eiva, kdy t\u011blo ji\u017e od z\u00e1kladu nedost\u00e1v\u00e1 pot\u0159ebn\u00e9 vitam\u00edny a miner\u00e1ly. A je pravdou, \u017ee dnes se moc u d\u011bt\u00ed na stravovac\u00ed n\u00e1vyky nehled\u00ed nebo sp\u00ed\u0161 se nedomysl\u00ed d\u016fsledky probl\u00e9m\u016f. Pravidelnou zubn\u00ed kontrolou se daj\u00ed probl\u00e9my nebo nemoci odhalit podstatn\u011b d\u0159\u00edve a ji\u017e lze proti nim za\u010d\u00edt bojovat.                                                                                                                                                                                                                                                                                                                                                                                          4\/5 - (1 vote)        "},{"@context":"https:\/\/schema.org\/","@type":"BreadcrumbList","itemListElement":[{"@type":"ListItem","position":1,"name":"Prvn\u00ed zoubky jsou jako perli\u010dky","item":"https:\/\/www.kopik.cz\/prvni-zoubky-jsou-jako-perlicky\/#breadcrumbitem"}]}]