[{"@context":"https:\/\/schema.org\/","@type":"Article","@id":"https:\/\/www.kopik.cz\/na-svatek-sedmnacteho-listopadu-si-muzete-jit-nakoupit-do-jakehokoli-supermarketu\/#Article","mainEntityOfPage":"https:\/\/www.kopik.cz\/na-svatek-sedmnacteho-listopadu-si-muzete-jit-nakoupit-do-jakehokoli-supermarketu\/","headline":"Na sv\u00e1tek sedmn\u00e1ct\u00e9ho listopadu si m\u016f\u017eete j\u00edt nakoupit do jak\u00e9hokoli supermarketu","name":"Na sv\u00e1tek sedmn\u00e1ct\u00e9ho listopadu si m\u016f\u017eete j\u00edt nakoupit do jak\u00e9hokoli supermarketu","description":"V\u00a0\u0159\u00edjnu 2016 za\u010dala platit novela z\u00e1kona, kter\u00e1 omezuje obchody a supermarkety, kter\u00e9 maj\u00ed rozlohu v\u011bt\u0161\u00ed ne\u017e dv\u011b st\u011b metr\u016f \u010dtvere\u010dn\u00edch. Tyto obchody nesm\u00ed b\u00fdt v\u00a0dob\u011b st\u00e1tem p\u0159iznan\u00fdch velk\u00fdch a v\u00fdznamn\u00fdch st\u00e1tn\u00edch sv\u00e1tku otev\u00edrat dve\u0159e zam\u011bstnanc\u016fm pod hrozbou vysok\u00fdch pokud \u010desk\u00e9 obchodn\u00ed inspekce. \u00b7\u00a0\u00a0\u00a0\u00a0\u00a0\u00a0\u00a0\u00a0 17. listopadu nen\u00ed st\u00e1tem uznan\u00fd sv\u00e1tek Na sv\u00e1tek, kter\u00fdm si lid\u00e9 p\u0159ipom\u00ednaj\u00ed [&hellip;]","datePublished":"2023-04-27","dateModified":"2023-04-27","author":{"@type":"Person","@id":"https:\/\/www.kopik.cz\/author\/#Person","name":"kopik.cz\n","url":"https:\/\/www.kopik.cz\/author\/","identifier":1,"image":{"@type":"ImageObject","@id":"https:\/\/secure.gravatar.com\/avatar\/01173f1da90dde8adb887d6793fa4e42c4004e53f8d645d9b1cb57c2dee8e188?s=96&d=mm&r=g","url":"https:\/\/secure.gravatar.com\/avatar\/01173f1da90dde8adb887d6793fa4e42c4004e53f8d645d9b1cb57c2dee8e188?s=96&d=mm&r=g","height":96,"width":96}},"publisher":{"@type":"Organization","name":"kopik.cz","logo":{"@type":"ImageObject","@id":"\/logo.png","url":"\/logo.png","width":600,"height":60}},"url":"https:\/\/www.kopik.cz\/na-svatek-sedmnacteho-listopadu-si-muzete-jit-nakoupit-do-jakehokoli-supermarketu\/","about":["Ekonomika"],"wordCount":369,"articleBody":"V\u00a0\u0159\u00edjnu 2016 za\u010dala platit novela z\u00e1kona, kter\u00e1 omezuje obchody a supermarkety, kter\u00e9 maj\u00ed rozlohu v\u011bt\u0161\u00ed ne\u017e dv\u011b st\u011b metr\u016f \u010dtvere\u010dn\u00edch. Tyto obchody nesm\u00ed b\u00fdt v\u00a0dob\u011b st\u00e1tem p\u0159iznan\u00fdch velk\u00fdch a v\u00fdznamn\u00fdch st\u00e1tn\u00edch sv\u00e1tku otev\u00edrat dve\u0159e zam\u011bstnanc\u016fm pod hrozbou vysok\u00fdch pokud \u010desk\u00e9 obchodn\u00ed inspekce.\u00b7\u00a0\u00a0\u00a0\u00a0\u00a0\u00a0\u00a0\u00a0 17. listopadu nen\u00ed st\u00e1tem uznan\u00fd sv\u00e1tek Na sv\u00e1tek, kter\u00fdm si lid\u00e9 p\u0159ipom\u00ednaj\u00ed v\u00fdro\u010d\u00ed Sametov\u00e9 revoluce (letos je to dvac\u00e1t\u00e9 sedm\u00e9 v\u00fdro\u010d\u00ed), nen\u00ed na seznamu dn\u00ed, kdy musej\u00ed obchody ze z\u00e1kona uzav\u0159\u00edt provoz. Z\u00a0toho d\u016fvodu ve \u010dtvrtek budou v\u0161echny obchody otev\u0159eny a vy m\u016f\u017eete tento voln\u00fd den vyu\u017e\u00edt k\u00a0n\u00e1v\u0161t\u011bv\u011b jak\u00e9hokoli obchodu nebo obchodn\u00edho centra, co\u017e je p\u0159\u00edzniv\u00e1 zpr\u00e1va pro prodejce a tak\u00e9 potenci\u00e1ln\u00ed z\u00e1kazn\u00edky.\u00b7\u00a0\u00a0\u00a0\u00a0\u00a0\u00a0\u00a0\u00a0 Jak\u00e9 sv\u00e1tky jsou na seznamu\u00a0 uveden\u00e9 v\u00a0novele z\u00e1kona1.\u00a0\u00a0\u00a0\u00a0\u00a0\u00a0 1. leden, den vzniku samostatn\u00e9ho \u010desk\u00e9ho st\u00e1tu, Nov\u00fd rok2.\u00a0\u00a0\u00a0\u00a0\u00a0\u00a0 Velikono\u010dn\u00ed pond\u011bl\u00ed3.\u00a0\u00a0\u00a0\u00a0\u00a0\u00a0 8. kv\u011bten, den v\u00edt\u011bzstv\u00ed4.\u00a0\u00a0\u00a0\u00a0\u00a0\u00a0 28. z\u00e1\u0159\u00ed, den \u010desk\u00e9 st\u00e1tnosti5.\u00a0\u00a0\u00a0\u00a0\u00a0\u00a0 28. \u0159\u00edjen, den vniku samostatn\u00e9ho \u010deskoslovensk\u00e9ho st\u00e1tu6.\u00a0\u00a0\u00a0\u00a0\u00a0\u00a0 25. prosinec, prvn\u00ed sv\u00e1tek v\u00e1no\u010dn\u00ed7.\u00a0\u00a0\u00a0\u00a0\u00a0\u00a0 26. prosinec, druh\u00fd sv\u00e1tek v\u00e1no\u010dn\u00edKter\u00e9 dal\u0161\u00ed sv\u00e1tky v\u00a0tomto seznamu chyb\u00ed? V\u00a0tomto seznamu chyb\u00ed datum prvn\u00edho kv\u011btna, den pr\u00e1ce, a tak\u00e9 Velk\u00fd p\u00e1tek, st\u00e1tn\u00ed sv\u00e1tek poprv\u00e9 uznan\u00fd s\u00a0po\u010d\u00e1tkem roku 2016, tedy nebyl uveden ani v\u00a0kalend\u00e1\u0159\u00edch na tento rok, a\u010dkoli u\u017e letos platil. Stejn\u011b tak\u00e9 chyb\u00ed v\u00a0tomto seznamu \u0161t\u011bdr\u00fd den dvac\u00e1t\u00e9ho \u010dtvrt\u00e9ho prosince. Podle tradice maj\u00ed tento den obchody otev\u0159eno pouze do dvan\u00e1cti hodin v\u00a0poledne.Kdo m\u00e1 v\u00a0tomto z\u00e1kon\u011b o uzav\u00edr\u00e1n\u00ed velk\u00fdch obchod\u016f v\u00fdjimku? &#8211;\u00a0\u00a0\u00a0\u00a0\u00a0\u00a0\u00a0\u00a0\u00a0 L\u00e9k\u00e1rny&#8211;\u00a0\u00a0\u00a0\u00a0\u00a0\u00a0\u00a0\u00a0\u00a0 Obchody v\u00a0nemocnic\u00edch&#8211;\u00a0\u00a0\u00a0\u00a0\u00a0\u00a0\u00a0\u00a0\u00a0 Obchody ve stanic\u00edch metra a stanic\u00edch vlak\u016f&#8211;\u00a0\u00a0\u00a0\u00a0\u00a0\u00a0\u00a0\u00a0\u00a0 \u010cerpac\u00ed stanice&#8211;\u00a0\u00a0\u00a0\u00a0\u00a0\u00a0\u00a0\u00a0\u00a0 Obchody na leti\u0161t\u00edchPro\u010d jsou obchodn\u00edci proti tomuto z\u00e1konu? Tvrd\u00ed, \u017ee zav\u00edr\u00e1n\u00ed obchod\u016f m\u016f\u017ee zv\u00fd\u0161it nezam\u011bstnanost, jeliko\u017e si na sebe obchody nevyd\u011blaj\u00ed a proto budou muset propou\u0161t\u011bt zam\u011bstnance.                                                                                                                                                                                                                                                                                                                                                                                        4.3\/5 - (7 votes)        "},{"@context":"https:\/\/schema.org\/","@type":"BreadcrumbList","itemListElement":[{"@type":"ListItem","position":1,"name":"Na sv\u00e1tek sedmn\u00e1ct\u00e9ho listopadu si m\u016f\u017eete j\u00edt nakoupit do jak\u00e9hokoli supermarketu","item":"https:\/\/www.kopik.cz\/na-svatek-sedmnacteho-listopadu-si-muzete-jit-nakoupit-do-jakehokoli-supermarketu\/#breadcrumbitem"}]}]