[{"@context":"https:\/\/schema.org\/","@type":"Article","@id":"https:\/\/www.kopik.cz\/kdyz-se-sejde-rodina-u-svatecniho-stolu\/#Article","mainEntityOfPage":"https:\/\/www.kopik.cz\/kdyz-se-sejde-rodina-u-svatecniho-stolu\/","headline":"Kdy\u017e se sejde rodina u sv\u00e1te\u010dn\u00edho stolu","name":"Kdy\u017e se sejde rodina u sv\u00e1te\u010dn\u00edho stolu","description":"Slavnostn\u00ed p\u0159\u00edle\u017eitosti jsou vhodn\u00e9 k\u00a0tomu, aby se se\u0161la u stolu cel\u00e1 rodina. Aby se slavnostn\u00ed atmosf\u00e9ra je\u0161t\u011b trochu vylep\u0161ila, je pot\u0159eba spr\u00e1vn\u011b naaran\u017eovat sv\u00e1te\u010dn\u00ed st\u016fl. Z\u00e1kladem bude ur\u010dit\u011b ubrus. &#8211;\u00a0\u00a0\u00a0\u00a0\u00a0\u00a0\u00a0\u00a0 Rozhodn\u011b by se m\u011bly vynechat um\u011bl\u00e9 materi\u00e1ly a rad\u011bji s\u00e1hnout po klasick\u00e9m l\u00e1tkov\u00e9m, kter\u00fd bude p\u0159ekr\u00fdvat cel\u00fd st\u016fl. &#8211;\u00a0\u00a0\u00a0\u00a0\u00a0\u00a0\u00a0\u00a0 Spr\u00e1vn\u011b by m\u011bl p\u0159esahovat okraje stolu [&hellip;]","datePublished":"2025-03-06","dateModified":"2023-04-27","author":{"@type":"Person","@id":"https:\/\/www.kopik.cz\/author\/#Person","name":"kopik.cz\n","url":"https:\/\/www.kopik.cz\/author\/","identifier":1,"image":{"@type":"ImageObject","@id":"https:\/\/secure.gravatar.com\/avatar\/01173f1da90dde8adb887d6793fa4e42c4004e53f8d645d9b1cb57c2dee8e188?s=96&d=mm&r=g","url":"https:\/\/secure.gravatar.com\/avatar\/01173f1da90dde8adb887d6793fa4e42c4004e53f8d645d9b1cb57c2dee8e188?s=96&d=mm&r=g","height":96,"width":96}},"publisher":{"@type":"Organization","name":"kopik.cz","logo":{"@type":"ImageObject","@id":"\/logo.png","url":"\/logo.png","width":600,"height":60}},"image":{"@type":"ImageObject","@id":"https:\/\/www.kopik.cz\/wp-content\/uploads\/img_a296223_w1737_t1507397014.jpg","url":"https:\/\/www.kopik.cz\/wp-content\/uploads\/img_a296223_w1737_t1507397014.jpg","height":0,"width":0},"url":"https:\/\/www.kopik.cz\/kdyz-se-sejde-rodina-u-svatecniho-stolu\/","about":["Domov"],"wordCount":414,"articleBody":"Slavnostn\u00ed p\u0159\u00edle\u017eitosti jsou vhodn\u00e9 k\u00a0tomu, aby se se\u0161la u stolu cel\u00e1 rodina. Aby se slavnostn\u00ed atmosf\u00e9ra je\u0161t\u011b trochu vylep\u0161ila, je pot\u0159eba spr\u00e1vn\u011b naaran\u017eovat sv\u00e1te\u010dn\u00ed st\u016fl. Z\u00e1kladem bude ur\u010dit\u011b ubrus.&#8211;\u00a0\u00a0\u00a0\u00a0\u00a0\u00a0\u00a0\u00a0 Rozhodn\u011b by se m\u011bly vynechat um\u011bl\u00e9 materi\u00e1ly a rad\u011bji s\u00e1hnout po klasick\u00e9m l\u00e1tkov\u00e9m, kter\u00fd bude p\u0159ekr\u00fdvat cel\u00fd st\u016fl.&#8211;\u00a0\u00a0\u00a0\u00a0\u00a0\u00a0\u00a0\u00a0 Spr\u00e1vn\u011b by m\u011bl p\u0159esahovat okraje stolu o dvacet a\u017e t\u0159icet centimetr\u016f.&#8211;\u00a0\u00a0\u00a0\u00a0\u00a0\u00a0\u00a0\u00a0 V\u00edce se rozhodn\u011b nedoporu\u010duje, proto\u017ee by ho mohl n\u011bkter\u00fd neopatrn\u00fd str\u00e1vn\u00edk p\u0159i opou\u0161t\u011bn\u00ed stolu vz\u00edt s sebou.Uprost\u0159ed je vhodn\u00e9 doplnit ho men\u0161\u00edm ubrusem, kter\u00fd bude m\u00edt tvar \u010dtverce nebo obd\u00e9ln\u00edku. Bude to vypadat velice vkusn\u011b p\u0159edev\u0161\u00edm u del\u0161\u00ed tabule. I p\u0159esto, \u017ee b\u011b\u017en\u011b nepou\u017e\u00edv\u00e1te p\u0159i stolov\u00e1n\u00ed ubrousky, p\u0159i slavnostn\u00edch p\u0159\u00edle\u017eitostech by nem\u011bly chyb\u011bt. Jak\u00e9 zvolit? Ur\u010dit\u011b se na trhu najdou kr\u00e1sn\u00e9 pap\u00edrov\u00e9, ale l\u00e1tkov\u00e9 p\u016fsob\u00ed mnohem slavnostn\u011bji. Z l\u00e1tkov\u00e9ho ubrousku mohou ti \u0161ikovn\u011bj\u0161\u00ed vytvo\u0159it kr\u00e1snou dekoraci. Daj\u00ed se slo\u017eit do v\u011bj\u00ed\u0159k\u016f, strome\u010dk\u016f nebo pyramid. Textiln\u00ed ubrousek se na st\u016fl pokl\u00e1d\u00e1 vedle vidli\u010dky.\u00a0 \tSlavnostn\u00ed atmosf\u00e9ru dopln\u00ed sv\u00ed\u010dkyNejd\u016fle\u017eit\u011bj\u0161\u00ed je, aby va\u0161i sv\u00e1te\u010dn\u00ed host\u00e9 m\u011bli v\u0161e p\u0159ipraven\u00e9 ve chv\u00edli, kdy zasednou ke spole\u010dn\u00e9mu j\u00eddlu. Ur\u010dit\u011b by nevypadalo dob\u0159e, kdyby hostitel ka\u017edou chv\u00edli odb\u00edhal n\u011bco p\u0159in\u00e9st. P\u0159\u00edbor se klade v\u017edy sm\u011brem od tal\u00ed\u0159e. Hned vedle n\u011bho je n\u016f\u017e a vidli\u010dka na hlavn\u00ed chod. Pak se p\u0159id\u00e1vaj\u00ed dal\u0161\u00ed. P\u0159\u00edbory se odeb\u00edraj\u00ed postupn\u011b z kraje. Jestli\u017ee se ob\u00e1v\u00e1te, \u017ee nebude vedle tal\u00ed\u0159\u016f dostatek prostoru, m\u016f\u017eete bez obav vyu\u017e\u00edt i prostor nad tal\u00ed\u0159em a polo\u017eit tam dezertn\u00ed l\u017ei\u010dku nebo vidli\u010dku.o\u00a0\u00a0 Vhodn\u00fdm dopl\u0148kem je sv\u00ed\u010dka uprost\u0159ed stolu. Plam\u00ednky dodaj\u00ed va\u0161\u00ed oslav\u011b slavnostn\u011bj\u0161\u00ed r\u00e1z. Vkusn\u011b prost\u0159en\u00fd st\u016fl je z\u00e1kladem, kter\u00fd nepochybn\u011b k slavnostn\u00edm p\u0159\u00edle\u017eitostem pat\u0159\u00ed. A te\u010f, kdy\u017e u\u017e je v\u0161e nachystan\u00e9, m\u016f\u017eete se za\u010d\u00edt t\u011b\u0161it, a\u017e v\u00e1\u0161 domov zapln\u00ed v\u00edtan\u00ed host\u00e9.\u00a0                                                                                                                                                                                                                                                                                                                                                                                         5\/5 - (5 votes)        "},{"@context":"https:\/\/schema.org\/","@type":"BreadcrumbList","itemListElement":[{"@type":"ListItem","position":1,"name":"Kdy\u017e se sejde rodina u sv\u00e1te\u010dn\u00edho stolu","item":"https:\/\/www.kopik.cz\/kdyz-se-sejde-rodina-u-svatecniho-stolu\/#breadcrumbitem"}]}]