[{"@context":"https:\/\/schema.org\/","@type":"Article","@id":"https:\/\/www.kopik.cz\/kamen-je-kamen\/#Article","mainEntityOfPage":"https:\/\/www.kopik.cz\/kamen-je-kamen\/","headline":"K\u00e1men je k\u00e1men","name":"K\u00e1men je k\u00e1men","description":"Na\u0161i praprapraprap\u0159edci \u017eili v podm\u00ednk\u00e1ch, je\u017e jsou s t\u011bmi dne\u0161n\u00edmi zcela nesrovnateln\u00e9. Moc toho tehdy je\u0161t\u011b neum\u011bli, neznali ani cihly, ani panely, ani st\u0159e\u0161n\u00ed krytinu, ba dokonce ani beton a maltu. A proto se v p\u0159\u00edpad\u011b, \u017ee cht\u011bli m\u00edt opravdu byteln\u00fd a trvanliv\u00fd a i v jin\u00fdch ohledech na svou dobu dokonal\u00fd p\u0159\u00edbytek, us\u00eddlovali \u2013 [&hellip;]","datePublished":"2019-04-07","dateModified":"2023-04-27","author":{"@type":"Person","@id":"https:\/\/www.kopik.cz\/author\/#Person","name":"kopik.cz\n","url":"https:\/\/www.kopik.cz\/author\/","identifier":1,"image":{"@type":"ImageObject","@id":"https:\/\/secure.gravatar.com\/avatar\/01173f1da90dde8adb887d6793fa4e42c4004e53f8d645d9b1cb57c2dee8e188?s=96&d=mm&r=g","url":"https:\/\/secure.gravatar.com\/avatar\/01173f1da90dde8adb887d6793fa4e42c4004e53f8d645d9b1cb57c2dee8e188?s=96&d=mm&r=g","height":96,"width":96}},"publisher":{"@type":"Organization","name":"kopik.cz","logo":{"@type":"ImageObject","@id":"\/logo.png","url":"\/logo.png","width":600,"height":60}},"image":{"@type":"ImageObject","@id":"https:\/\/www.kopik.cz\/wp-content\/uploads\/img_a344653_w1737_t1558504259.jpg","url":"https:\/\/www.kopik.cz\/wp-content\/uploads\/img_a344653_w1737_t1558504259.jpg","height":0,"width":0},"url":"https:\/\/www.kopik.cz\/kamen-je-kamen\/","about":["Zbo\u017e\u00ed"],"wordCount":448,"articleBody":"  Na\u0161i praprapraprap\u0159edci \u017eili v podm\u00ednk\u00e1ch, je\u017e jsou s t\u011bmi dne\u0161n\u00edmi zcela nesrovnateln\u00e9. Moc toho tehdy je\u0161t\u011b neum\u011bli, neznali ani cihly, ani panely, ani st\u0159e\u0161n\u00ed krytinu, ba dokonce ani beton a maltu. A proto se v p\u0159\u00edpad\u011b, \u017ee cht\u011bli m\u00edt opravdu byteln\u00fd a trvanliv\u00fd a i v jin\u00fdch ohledech na svou dobu dokonal\u00fd p\u0159\u00edbytek, us\u00eddlovali \u2013 m\u011bli-li tu mo\u017enost \u2013 v kamenn\u00fdch jeskyn\u00edch. Proto\u017ee to v\u00edte \u2013 k\u00e1men! K\u00e1men je materi\u00e1l, jak\u00fd vlastn\u011b \u010dasto preferujeme i dnes. I kdy\u017e u\u017e um\u00edme stav\u011bt z kdejak\u00e9ho kvalitn\u00edho materi\u00e1lu, i kdy\u017e je na v\u00fdb\u011br z mnoha r\u016fzn\u00fdch variant bydlen\u00ed, nejednou je pr\u00e1v\u011b k\u00e1men na\u0161\u00ed volbou. A to rozhodn\u011b ne proto, \u017ee bychom snad rozumov\u011b ustrnuli n\u011bkde na \u00farovni na\u0161ich prav\u011bk\u00fdch p\u0159edch\u016fdc\u016f. K\u00e1men je toti\u017e n\u011b\u010d\u00edm, co n\u00e1m sk\u00fdt\u00e1 kvalitu i kr\u00e1su z\u00e1rove\u0148. A je p\u0159itom relativn\u011b podru\u017en\u00e9, zda vol\u00edme z toho, co se nab\u00edz\u00ed, jako obklad um\u011bl\u00fd k\u00e1mennebo k\u00e1men p\u0159\u00edrodn\u00ed. Oba maj\u00ed sv\u00e9 p\u0159ednosti.  A tak\u00e9 rozd\u00edly. V sou\u010dasnosti modern\u00ed a zcela jedine\u010dn\u00fd um\u011bl\u00fd k\u00e1men TechniStone\u00ae je nejednou pr\u00e1v\u011b t\u00edm, co cht\u011bj\u00ed lid\u00e9 u sebe doma nebo i kdekoliv jinde m\u00edt. A je vlastn\u011b docela jedno, m\u00e1-li b\u00fdt tento pou\u017eit jako obklad v exteri\u00e9ru nebo interi\u00e9ru, tedy vn\u011b nebo uvnit\u0159 t\u00e9 kter\u00e9 budovy. Lze ho pou\u017e\u00edt k oblo\u017een\u00ed zd\u00ed, fas\u00e1d, koupelen a kuchyn\u00ed, m\u016f\u017ee poslou\u017eit p\u0159i stavb\u011b krb\u016f, schodi\u0161\u0165 a okenn\u00edch parapet\u016f, k v\u00fdrob\u011b kv\u011btin\u00e1\u010d\u016f, stol\u016f \u010di interi\u00e9rov\u00fdch dekorac\u00ed, daj\u00ed se j\u00edm obkl\u00e1dat st\u011bny i podlahy. P\u0159i \u010dem\u017e ocen\u00edme nejen to, \u017ee dob\u0159e vypad\u00e1, ale t\u0159eba i to, \u017ee je odoln\u00fd, pevn\u00fd, nenas\u00e1kav\u00fd, st\u00e1lobarevn\u00fd a lehk\u00fd, \u017ee skv\u011ble zapadne kamkoliv a lze ho lehce kombinovat i s jin\u00fdmi materi\u00e1ly a designov\u00fdmi prvky.  M\u016f\u017eeme si tu tak vybrat ten pro n\u00e1s nejvhodn\u011bj\u0161\u00ed barevn\u00fd odst\u00edn, a to z cel\u00e9 \u0161irok\u00e9 \u0161k\u00e1ly, je\u017e je k m\u00e1n\u00ed, a r\u00e1zem m\u00e1me domov kvalitn\u00ed a sou\u010dasn\u011b i kr\u00e1sn\u011bj\u0161\u00ed. A tak\u00e9 dokonalej\u0161\u00ed t\u0159eba v tom, \u017ee jde o bez\u00fadr\u017ebov\u00fd povrch, navozuj\u00edc\u00ed p\u0159\u00edjemnou atmosf\u00e9ru, kter\u00fd umo\u017e\u0148uje st\u011bn\u00e1m d\u00fdchat a n\u00e1m kochat se. A kdo by doma n\u011bco takov\u00e9ho necht\u011bl, \u017ee?                                                                                                                                                                                                                                                                                                                                                                                         4.3\/5 - (10 votes)        "},{"@context":"https:\/\/schema.org\/","@type":"BreadcrumbList","itemListElement":[{"@type":"ListItem","position":1,"name":"K\u00e1men je k\u00e1men","item":"https:\/\/www.kopik.cz\/kamen-je-kamen\/#breadcrumbitem"}]}]