[{"@context":"https:\/\/schema.org\/","@type":"Article","@id":"https:\/\/www.kopik.cz\/fandime-nasemu-sportu\/#Article","mainEntityOfPage":"https:\/\/www.kopik.cz\/fandime-nasemu-sportu\/","headline":"Fand\u00edme na\u0161emu sportu","name":"Fand\u00edme na\u0161emu sportu","description":"Podporujeme na\u0161e hr\u00e1\u010de, p\u0159ejeme jim sam\u00e1 v\u00edt\u011bzstv\u00ed na v\u0161ech turnaj\u00edch. Ale p\u0159ece jenom nejv\u00edce n\u00e1s zaj\u00edmaj\u00ed t\u00fdmov\u00e9 sout\u011b\u017ee, jak\u00fdmi jsou Davis\u016fv poh\u00e1r a Fed cup. Ned\u00e1vno jsme po dlouh\u00e9 dob\u011b prohr\u00e1li, a to s Franci\u00ed na p\u016fd\u011b na\u0161ich soupe\u0159\u016f. Byl to velmi kvalitn\u00ed t\u00fdm s mnohem \u0161ir\u0161\u00edm k\u00e1drem ne\u017e m\u00e1me my k dispozici. Brzy za\u010dne [&hellip;]","datePublished":"2025-08-30","dateModified":"2025-08-30","author":{"@type":"Person","@id":"https:\/\/www.kopik.cz\/author\/#Person","name":"kopik.cz\n","url":"https:\/\/www.kopik.cz\/author\/","identifier":1,"image":{"@type":"ImageObject","@id":"https:\/\/secure.gravatar.com\/avatar\/01173f1da90dde8adb887d6793fa4e42c4004e53f8d645d9b1cb57c2dee8e188?s=96&d=mm&r=g","url":"https:\/\/secure.gravatar.com\/avatar\/01173f1da90dde8adb887d6793fa4e42c4004e53f8d645d9b1cb57c2dee8e188?s=96&d=mm&r=g","height":96,"width":96}},"publisher":{"@type":"Organization","name":"kopik.cz","logo":{"@type":"ImageObject","@id":"\/logo.png","url":"\/logo.png","width":600,"height":60}},"url":"https:\/\/www.kopik.cz\/fandime-nasemu-sportu\/","wordCount":187,"articleBody":"Podporujeme na\u0161e hr\u00e1\u010de, p\u0159ejeme jim sam\u00e1 v\u00edt\u011bzstv\u00ed na v\u0161ech turnaj\u00edch. Ale p\u0159ece jenom nejv\u00edce n\u00e1s zaj\u00edmaj\u00ed t\u00fdmov\u00e9 sout\u011b\u017ee, jak\u00fdmi jsou Davis\u016fv poh\u00e1r a Fed cup. Ned\u00e1vno jsme po dlouh\u00e9 dob\u011b prohr\u00e1li, a to s Franci\u00ed na p\u016fd\u011b na\u0161ich soupe\u0159\u016f. Byl to velmi kvalitn\u00ed t\u00fdm s mnohem \u0161ir\u0161\u00edm k\u00e1drem ne\u017e m\u00e1me my k dispozici. Brzy za\u010dne nov\u00fd ro\u010dn\u00edk a my budeme zase s tenisem on line u toho.Sledujte v\u0161echny novinky v na\u0161em sportuZaj\u00edm\u00e1te se o n\u00e1\u0161 tenis on line? Pokud ano, m\u00e1me velkou radost. V\u017edy\u0165 m\u00e1me celou \u0159adu hr\u00e1\u010d\u016f, kte\u0159\u00ed si to zaslou\u017e\u00ed. Vzorn\u011b n\u00e1s reprezentuj\u00ed po cel\u00e9m sv\u011bt\u011b. P\u0159in\u00e1\u0161ej\u00ed n\u00e1m radost a mnohdy i ne\u010dekan\u00e1 v\u00edt\u011bzstv\u00ed. To plat\u00ed t\u0159eba o na\u0161\u00ed mlad\u00e9 Karol\u00edn\u011b Pl\u00ed\u0161kov\u00e9 a jej\u00edm v\u00edt\u011bzstv\u00ed na US Open v juniorsk\u00e9 kategorii. P\u0159in\u00e1\u0161\u00ed n\u00e1m velkou radost. T\u011b\u0161\u00edme se na jejich z\u00e1pasy.                                                                                                                                                                                                                                                                                                                                                                                                "},{"@context":"https:\/\/schema.org\/","@type":"BreadcrumbList","itemListElement":[{"@type":"ListItem","position":1,"name":"Fand\u00edme na\u0161emu sportu","item":"https:\/\/www.kopik.cz\/fandime-nasemu-sportu\/#breadcrumbitem"}]}]