{"@context":"https:\/\/schema.org\/","@type":"CollectionPage","@id":"https:\/\/www.kopik.cz\/domov\/#CollectionPage","headline":"Domov Category","description":"","url":"https:\/\/www.kopik.cz\/domov\/","hasPart":[{"@type":"Article","@id":"https:\/\/www.kopik.cz\/vyletet-z-hnizda-aneb-kdy-je-adekvatni-cas\/","headline":"Vylet\u011bt z hn\u00edzda aneb kdy je adekv\u00e1tn\u00ed \u010das?","url":"https:\/\/www.kopik.cz\/vyletet-z-hnizda-aneb-kdy-je-adekvatni-cas\/","datePublished":"2025-03-07","dateModified":"2023-04-27","mainEntityOfPage":"https:\/\/www.kopik.cz\/vyletet-z-hnizda-aneb-kdy-je-adekvatni-cas\/","author":{"@type":"Person","@id":"https:\/\/www.kopik.cz\/author\/#Person","name":"kopik.cz\n","url":"https:\/\/www.kopik.cz\/author\/","identifier":1,"image":{"@type":"ImageObject","@id":"https:\/\/secure.gravatar.com\/avatar\/01173f1da90dde8adb887d6793fa4e42c4004e53f8d645d9b1cb57c2dee8e188?s=96&d=mm&r=g","url":"https:\/\/secure.gravatar.com\/avatar\/01173f1da90dde8adb887d6793fa4e42c4004e53f8d645d9b1cb57c2dee8e188?s=96&d=mm&r=g","height":96,"width":96}},"publisher":{"@type":"Organization","name":"kopik.cz","logo":{"@type":"ImageObject","@id":"\/logo.png","url":"\/logo.png","width":600,"height":60}},"image":{"@type":"ImageObject","@id":"https:\/\/www.kopik.cz\/wp-content\/uploads\/img_a304428_w1737_t1515526680.jpg","url":"https:\/\/www.kopik.cz\/wp-content\/uploads\/img_a304428_w1737_t1515526680.jpg","height":0,"width":0},"keywords":null},{"@type":"Article","@id":"https:\/\/www.kopik.cz\/kdyz-se-sejde-rodina-u-svatecniho-stolu\/","headline":"Kdy\u017e se sejde rodina u sv\u00e1te\u010dn\u00edho stolu","url":"https:\/\/www.kopik.cz\/kdyz-se-sejde-rodina-u-svatecniho-stolu\/","datePublished":"2025-03-06","dateModified":"2023-04-27","mainEntityOfPage":"https:\/\/www.kopik.cz\/kdyz-se-sejde-rodina-u-svatecniho-stolu\/","author":{"@type":"Person","@id":"https:\/\/www.kopik.cz\/author\/#Person","name":"kopik.cz\n","url":"https:\/\/www.kopik.cz\/author\/","identifier":1,"image":{"@type":"ImageObject","@id":"https:\/\/secure.gravatar.com\/avatar\/01173f1da90dde8adb887d6793fa4e42c4004e53f8d645d9b1cb57c2dee8e188?s=96&d=mm&r=g","url":"https:\/\/secure.gravatar.com\/avatar\/01173f1da90dde8adb887d6793fa4e42c4004e53f8d645d9b1cb57c2dee8e188?s=96&d=mm&r=g","height":96,"width":96}},"publisher":{"@type":"Organization","name":"kopik.cz","logo":{"@type":"ImageObject","@id":"\/logo.png","url":"\/logo.png","width":600,"height":60}},"image":{"@type":"ImageObject","@id":"https:\/\/www.kopik.cz\/wp-content\/uploads\/img_a296223_w1737_t1507397014.jpg","url":"https:\/\/www.kopik.cz\/wp-content\/uploads\/img_a296223_w1737_t1507397014.jpg","height":0,"width":0},"keywords":null},{"@type":"Article","@id":"https:\/\/www.kopik.cz\/jak-pripravit-vas-domov-na-vanoce\/","headline":"Jak p\u0159ipravit V\u00e1\u0161 domov na V\u00e1noce","url":"https:\/\/www.kopik.cz\/jak-pripravit-vas-domov-na-vanoce\/","datePublished":"2025-03-02","dateModified":"2023-04-27","mainEntityOfPage":"https:\/\/www.kopik.cz\/jak-pripravit-vas-domov-na-vanoce\/","author":{"@type":"Person","@id":"https:\/\/www.kopik.cz\/author\/#Person","name":"kopik.cz\n","url":"https:\/\/www.kopik.cz\/author\/","identifier":1,"image":{"@type":"ImageObject","@id":"https:\/\/secure.gravatar.com\/avatar\/01173f1da90dde8adb887d6793fa4e42c4004e53f8d645d9b1cb57c2dee8e188?s=96&d=mm&r=g","url":"https:\/\/secure.gravatar.com\/avatar\/01173f1da90dde8adb887d6793fa4e42c4004e53f8d645d9b1cb57c2dee8e188?s=96&d=mm&r=g","height":96,"width":96}},"publisher":{"@type":"Organization","name":"kopik.cz","logo":{"@type":"ImageObject","@id":"\/logo.png","url":"\/logo.png","width":600,"height":60}},"image":{"@type":"ImageObject","@id":"https:\/\/www.kopik.cz\/wp-content\/uploads\/img_a330730_w1737_t1543230824.jpg","url":"https:\/\/www.kopik.cz\/wp-content\/uploads\/img_a330730_w1737_t1543230824.jpg","height":0,"width":0},"keywords":null},{"@type":"Article","@id":"https:\/\/www.kopik.cz\/stari-nemusi-znamenat-zoufalstvi\/","headline":"St\u00e1\u0159\u00ed nemus\u00ed znamenat zoufalstv\u00ed","url":"https:\/\/www.kopik.cz\/stari-nemusi-znamenat-zoufalstvi\/","datePublished":"2023-04-27","dateModified":"2023-04-27","mainEntityOfPage":"https:\/\/www.kopik.cz\/stari-nemusi-znamenat-zoufalstvi\/","author":{"@type":"Person","@id":"https:\/\/www.kopik.cz\/author\/#Person","name":"kopik.cz\n","url":"https:\/\/www.kopik.cz\/author\/","identifier":1,"image":{"@type":"ImageObject","@id":"https:\/\/secure.gravatar.com\/avatar\/01173f1da90dde8adb887d6793fa4e42c4004e53f8d645d9b1cb57c2dee8e188?s=96&d=mm&r=g","url":"https:\/\/secure.gravatar.com\/avatar\/01173f1da90dde8adb887d6793fa4e42c4004e53f8d645d9b1cb57c2dee8e188?s=96&d=mm&r=g","height":96,"width":96}},"publisher":{"@type":"Organization","name":"kopik.cz","logo":{"@type":"ImageObject","@id":"\/logo.png","url":"\/logo.png","width":600,"height":60}},"image":null,"keywords":null},{"@type":"Article","@id":"https:\/\/www.kopik.cz\/nevidim-domov-prozivam-domov\/","headline":"Nevid\u00edm domov, pro\u017e\u00edv\u00e1m domov","url":"https:\/\/www.kopik.cz\/nevidim-domov-prozivam-domov\/","datePublished":"2023-04-27","dateModified":"2023-04-27","mainEntityOfPage":"https:\/\/www.kopik.cz\/nevidim-domov-prozivam-domov\/","author":{"@type":"Person","@id":"https:\/\/www.kopik.cz\/author\/#Person","name":"kopik.cz\n","url":"https:\/\/www.kopik.cz\/author\/","identifier":1,"image":{"@type":"ImageObject","@id":"https:\/\/secure.gravatar.com\/avatar\/01173f1da90dde8adb887d6793fa4e42c4004e53f8d645d9b1cb57c2dee8e188?s=96&d=mm&r=g","url":"https:\/\/secure.gravatar.com\/avatar\/01173f1da90dde8adb887d6793fa4e42c4004e53f8d645d9b1cb57c2dee8e188?s=96&d=mm&r=g","height":96,"width":96}},"publisher":{"@type":"Organization","name":"kopik.cz","logo":{"@type":"ImageObject","@id":"\/logo.png","url":"\/logo.png","width":600,"height":60}},"image":null,"keywords":null},{"@type":"Article","@id":"https:\/\/www.kopik.cz\/nejen-bezbarierove-bydleni\/","headline":"Nejen bezbari\u00e9rov\u00e9 bydlen\u00ed","url":"https:\/\/www.kopik.cz\/nejen-bezbarierove-bydleni\/","datePublished":"2023-04-27","dateModified":"2023-04-27","mainEntityOfPage":"https:\/\/www.kopik.cz\/nejen-bezbarierove-bydleni\/","author":{"@type":"Person","@id":"https:\/\/www.kopik.cz\/author\/#Person","name":"kopik.cz\n","url":"https:\/\/www.kopik.cz\/author\/","identifier":1,"image":{"@type":"ImageObject","@id":"https:\/\/secure.gravatar.com\/avatar\/01173f1da90dde8adb887d6793fa4e42c4004e53f8d645d9b1cb57c2dee8e188?s=96&d=mm&r=g","url":"https:\/\/secure.gravatar.com\/avatar\/01173f1da90dde8adb887d6793fa4e42c4004e53f8d645d9b1cb57c2dee8e188?s=96&d=mm&r=g","height":96,"width":96}},"publisher":{"@type":"Organization","name":"kopik.cz","logo":{"@type":"ImageObject","@id":"\/logo.png","url":"\/logo.png","width":600,"height":60}},"image":null,"keywords":null},{"@type":"Article","@id":"https:\/\/www.kopik.cz\/s-kym-bydli-stenice\/","headline":"S k\u00fdm bydl\u00ed \u0161t\u011bnice?","url":"https:\/\/www.kopik.cz\/s-kym-bydli-stenice\/","datePublished":"2023-04-27","dateModified":"2023-04-27","mainEntityOfPage":"https:\/\/www.kopik.cz\/s-kym-bydli-stenice\/","author":{"@type":"Person","@id":"https:\/\/www.kopik.cz\/author\/#Person","name":"kopik.cz\n","url":"https:\/\/www.kopik.cz\/author\/","identifier":1,"image":{"@type":"ImageObject","@id":"https:\/\/secure.gravatar.com\/avatar\/01173f1da90dde8adb887d6793fa4e42c4004e53f8d645d9b1cb57c2dee8e188?s=96&d=mm&r=g","url":"https:\/\/secure.gravatar.com\/avatar\/01173f1da90dde8adb887d6793fa4e42c4004e53f8d645d9b1cb57c2dee8e188?s=96&d=mm&r=g","height":96,"width":96}},"publisher":{"@type":"Organization","name":"kopik.cz","logo":{"@type":"ImageObject","@id":"\/logo.png","url":"\/logo.png","width":600,"height":60}},"image":null,"keywords":null},{"@type":"Article","@id":"https:\/\/www.kopik.cz\/domov\/","headline":"Domov","url":"https:\/\/www.kopik.cz\/domov\/","datePublished":"2023-04-27","dateModified":"2023-04-27","mainEntityOfPage":"https:\/\/www.kopik.cz\/domov\/","author":{"@type":"Person","@id":"https:\/\/www.kopik.cz\/author\/#Person","name":"kopik.cz\n","url":"https:\/\/www.kopik.cz\/author\/","identifier":1,"image":{"@type":"ImageObject","@id":"https:\/\/secure.gravatar.com\/avatar\/01173f1da90dde8adb887d6793fa4e42c4004e53f8d645d9b1cb57c2dee8e188?s=96&d=mm&r=g","url":"https:\/\/secure.gravatar.com\/avatar\/01173f1da90dde8adb887d6793fa4e42c4004e53f8d645d9b1cb57c2dee8e188?s=96&d=mm&r=g","height":96,"width":96}},"publisher":{"@type":"Organization","name":"kopik.cz","logo":{"@type":"ImageObject","@id":"\/logo.png","url":"\/logo.png","width":600,"height":60}},"image":null,"keywords":null},{"@type":"Article","@id":"https:\/\/www.kopik.cz\/plot-ktery-vas-majetek-na-beton-ochrani\/","headline":"Plot, kter\u00fd v\u00e1\u0161 majetek na beton ochr\u00e1n\u00ed","url":"https:\/\/www.kopik.cz\/plot-ktery-vas-majetek-na-beton-ochrani\/","datePublished":"2019-12-22","dateModified":"2023-04-27","mainEntityOfPage":"https:\/\/www.kopik.cz\/plot-ktery-vas-majetek-na-beton-ochrani\/","author":{"@type":"Person","@id":"https:\/\/www.kopik.cz\/author\/#Person","name":"kopik.cz\n","url":"https:\/\/www.kopik.cz\/author\/","identifier":1,"image":{"@type":"ImageObject","@id":"https:\/\/secure.gravatar.com\/avatar\/01173f1da90dde8adb887d6793fa4e42c4004e53f8d645d9b1cb57c2dee8e188?s=96&d=mm&r=g","url":"https:\/\/secure.gravatar.com\/avatar\/01173f1da90dde8adb887d6793fa4e42c4004e53f8d645d9b1cb57c2dee8e188?s=96&d=mm&r=g","height":96,"width":96}},"publisher":{"@type":"Organization","name":"kopik.cz","logo":{"@type":"ImageObject","@id":"\/logo.png","url":"\/logo.png","width":600,"height":60}},"image":{"@type":"ImageObject","@id":"https:\/\/www.kopik.cz\/wp-content\/uploads\/img_a369083_w1737_t1581326542.jpg","url":"https:\/\/www.kopik.cz\/wp-content\/uploads\/img_a369083_w1737_t1581326542.jpg","height":0,"width":0},"keywords":null}]}