[{"@context":"https:\/\/schema.org\/","@type":"Article","@id":"https:\/\/www.kopik.cz\/autopujcovna-praha-levne\/#Article","mainEntityOfPage":"https:\/\/www.kopik.cz\/autopujcovna-praha-levne\/","headline":"Autop\u016fj\u010dovna Praha &#8211; levn\u011b","name":"Autop\u016fj\u010dovna Praha &#8211; levn\u011b","description":"Pot\u0159ebujete s rodinou n\u011bkam nal\u00e9hav\u011b vyjet a nem\u00e1te vlastn\u00ed automobil? Jste OSV\u010c nebo podnikatel s dod\u00e1vkou \u010di n\u00e1kladn\u00edm vozidlem, ale tentokr\u00e1t mus\u00edte cestovat osobn\u00edm vozem? Selhal v\u00e1m v\u00e1\u0161 vlastn\u00ed v\u016fz a vy si pot\u0159ebujete kr\u00e1tkodob\u011b \u010di dlouhodob\u011b pronajmout jin\u00fd automobil? Jste-li z Prahy a bl\u00edzk\u00e9ho okol\u00ed, pak jste na t\u011bchto str\u00e1nk\u00e1ch autop\u016fj\u010dovna praha levn\u011b http:\/www.autopujcovna-urban.cz\/ [&hellip;]","datePublished":"2020-02-25","dateModified":"2023-04-27","author":{"@type":"Person","@id":"https:\/\/www.kopik.cz\/author\/#Person","name":"kopik.cz\n","url":"https:\/\/www.kopik.cz\/author\/","identifier":1,"image":{"@type":"ImageObject","@id":"https:\/\/secure.gravatar.com\/avatar\/01173f1da90dde8adb887d6793fa4e42c4004e53f8d645d9b1cb57c2dee8e188?s=96&d=mm&r=g","url":"https:\/\/secure.gravatar.com\/avatar\/01173f1da90dde8adb887d6793fa4e42c4004e53f8d645d9b1cb57c2dee8e188?s=96&d=mm&r=g","height":96,"width":96}},"publisher":{"@type":"Organization","name":"kopik.cz","logo":{"@type":"ImageObject","@id":"\/logo.png","url":"\/logo.png","width":600,"height":60}},"image":{"@type":"ImageObject","@id":"https:\/\/www.kopik.cz\/wp-content\/uploads\/img_a375114_w1737_t1586944535.jpg","url":"https:\/\/www.kopik.cz\/wp-content\/uploads\/img_a375114_w1737_t1586944535.jpg","height":0,"width":0},"url":"https:\/\/www.kopik.cz\/autopujcovna-praha-levne\/","about":["Business"],"wordCount":426,"articleBody":"          Pot\u0159ebujete s rodinou n\u011bkam nal\u00e9hav\u011b vyjet a nem\u00e1te vlastn\u00ed automobil? Jste OSV\u010c nebo podnikatel s dod\u00e1vkou \u010di n\u00e1kladn\u00edm vozidlem, ale tentokr\u00e1t mus\u00edte cestovat osobn\u00edm vozem? Selhal v\u00e1m v\u00e1\u0161 vlastn\u00ed v\u016fz a vy si pot\u0159ebujete kr\u00e1tkodob\u011b \u010di dlouhodob\u011b pronajmout jin\u00fd automobil? Jste-li z Prahy a bl\u00edzk\u00e9ho okol\u00ed, pak jste na t\u011bchto str\u00e1nk\u00e1ch autop\u016fj\u010dovna praha levn\u011b http:\/www.autopujcovna-urban.cz\/ naprosto spr\u00e1vn\u011b. N\u00e1\u0161 vozov\u00fd park tvo\u0159\u00ed osobn\u00ed automobily \u0160koda, a to konkr\u00e9tn\u011b \u0160koda Fabia Combi, \u0160koda Octavia a \u0160koda Felicia. Pron\u00e1jmu osobn\u00edch voz\u016f v Praze se v\u011bnujeme ji\u017e 25 let a na\u0161e ceny jsou v tomto regionu a bl\u00edzk\u00e9m okol\u00ed bezkonkuren\u010dn\u011b nejni\u017e\u0161\u00ed. V\u0161echna vozidla proch\u00e1zej\u00ed pravideln\u00fdm servisem, v\u010detn\u011b kontroly a p\u0159ezouv\u00e1n\u00ed pneumatik. M\u016f\u017eete s nimi vyjet kamkoliv v \u010cesk\u00e9 republice, nebo\u0165 maj\u00ed d\u00e1lni\u010dn\u00ed zn\u00e1mku a jsou poji\u0161t\u011bn\u00e1 proti nehod\u011b i proti kr\u00e1de\u017ei. Autop\u016fj\u010dovna Urban m\u00e1 n\u011bkolik pobo\u010dek, a to v Praze 9, Milovic\u00edch, \u010cesk\u00e9m Brod\u011b, \u010cel\u00e1kovic\u00edch, Brand\u00fdse nad Labem, \u00dajezdu nad Lesy, ve Star\u00e9 Boleslavi a Lys\u00e9 nad Labem a v \u00davalech, tak\u017ee nen\u00ed \u017e\u00e1dn\u00fd probl\u00e9m p\u0159istavit v\u00e1m vozidlo a\u017e k va\u0161emu bydli\u0161ti, \u010di na m\u00edsto, odkud pot\u0159ebujete vyjet. A to s plnou n\u00e1dr\u017e\u00ed! V p\u0159\u00edpad\u011b pot\u0159eby poskytneme vozidlo i s \u0159idi\u010dem. Vy se zkr\u00e1tka nebudete muset o nic starat a p\u0159itom budete m\u00edt k dispozici auto se v\u0161\u00edm v\u0161udy. Nap\u0159\u00edklad s d\u011btsk\u00fdmi autoseda\u010dkami, podsed\u00e1ky, sn\u011bhov\u00fdmi \u0159et\u011bzy, anebo t\u0159eba s navigac\u00ed &#8211; samoz\u0159ejm\u011b zdarma. Minim\u00e1ln\u00ed doba pron\u00e1jmu jsou t\u0159i dny; p\u0159i p\u016fj\u010dovn\u00e9m na deset a v\u00edce dn\u00ed budete m\u00edt zdarma jeden den. P\u0159i dlouhodob\u00e9m pron\u00e1jmu z\u00edsk\u00e1te individu\u00e1ln\u00ed slevu. P\u0159ed p\u0159evzet\u00edm vozidla je zapot\u0159eb\u00ed slo\u017eit vratnou z\u00e1lohu 5 tis\u00edc korun (u \u0160kody Octavie 8 tis\u00edc korun). Transparentn\u00ed a srozumitelnou smlouvu o pron\u00e1jmu sep\u00ed\u0161eme p\u0159\u00edmo u v\u00e1s, p\u0159i p\u0159ed\u00e1n\u00ed automobilu. Zp\u011btn\u00e9 p\u0159ed\u00e1n\u00ed vozidla sjedn\u00e1me individu\u00e1ln\u011b \u2013 bu\u010f si pro n\u011b k v\u00e1m zase p\u0159ijedeme, anebo n\u00e1m je m\u016f\u017eete dov\u00e9zt sami. Pot\u00e9 \u2013 bude-li v\u0161e v po\u0159\u00e1dku, z\u00fa\u010dtujeme va\u0161i vratnou z\u00e1lohu.                                                                                                                                                                                                                                                                                                                                                                                          3.6\/5 - (5 votes)        "},{"@context":"https:\/\/schema.org\/","@type":"BreadcrumbList","itemListElement":[{"@type":"ListItem","position":1,"name":"Autop\u016fj\u010dovna Praha &#8211; levn\u011b","item":"https:\/\/www.kopik.cz\/autopujcovna-praha-levne\/#breadcrumbitem"}]}]